{"id":285,"date":"2024-05-01T18:00:10","date_gmt":"2024-05-01T16:00:10","guid":{"rendered":"https:\/\/codesupply.co\/penatibus-nulla-ut-sit-etiam-sociis-nisi-porttitor\/"},"modified":"2024-05-09T09:19:32","modified_gmt":"2024-05-09T07:19:32","slug":"ja-nada-disto-nos-surpreende","status":"publish","type":"post","link":"https:\/\/agendacultural.catedraturismosostenible.es\/agenda\/2024\/05\/01\/ja-nada-disto-nos-surpreende\/","title":{"rendered":"J\u00e1 Nada Disto Nos Surpreende"},"content":{"rendered":"\n<p>Opress\u00e3o sistem\u00e1tica, tortura, viola\u00e7\u00e3o, homic\u00eddio \u2014 Festa? Qual festa?<br>\u2018J\u00e1 Nada Disto nos Surpreende&#8217; \u00e9 um espect\u00e1culo de teatro onde o universo de Harold Pinter nos recorda este mundo que existe, ainda que longe, debaixo dos nossos narizes.<br>Num espa\u00e7o n\u00e3o convencional, o humor negro, o absurdo e a cr\u00edtica social s\u00e3o servidos entre um p\u00e9 de dan\u00e7a e uma bandeja de riss\u00f3is. \u201cPrecisamente\u201d, \u201cConfer\u00eancia de imprensa\u201d, \u201cL\u00edngua da montanha\u201d e \u201cUm para o Caminho\u201d despertam-nos exactamente neste lugar que \u00e9 o nosso, em que a democracia escapa de uma forma quase displicente.<\/p>\n\n\n\n<p>Textos: Harold Pinter<br>Encena\u00e7\u00e3o: Daniel Fialho<br>Elenco: Henrique Gil, Marta Jardim, Z\u00e9 Bernardino<\/p>\n\n\n\n<p>Dura\u00e7\u00e3o aprox.: 75m<br>Class. Et\u00e1ria: +16 anos<\/p>\n\n\n\n<p>Reserva de Bilhetes: 935264946<br>ou janadadistonossurpreende@gmail.com<\/p>\n","protected":false},"excerpt":{"rendered":"Espect\u00e1culo de teatro onde o universo de Harold Pinter nos recorda este mundo que existe\n","protected":false},"author":1,"featured_media":19288,"comment_status":"closed","ping_status":"open","sticky":false,"template":"","format":"video","meta":{"csco_singular_sidebar":"default","csco_page_header_type":"default","csco_page_load_nextpost":"default","csco_post_video_location":["large-header","archive"],"csco_post_video_url":"","csco_post_video_bg_start_time":0,"csco_post_video_bg_end_time":0,"footnotes":""},"categories":[95,96],"tags":[],"class_list":["post-285","post","type-post","status-publish","format-video","has-post-thumbnail","category-danza","category-teatro","post_format-post-format-video","cs-entry","cs-video-wrap"],"_links":{"self":[{"href":"https:\/\/agendacultural.catedraturismosostenible.es\/agenda\/wp-json\/wp\/v2\/posts\/285","targetHints":{"allow":["GET"]}}],"collection":[{"href":"https:\/\/agendacultural.catedraturismosostenible.es\/agenda\/wp-json\/wp\/v2\/posts"}],"about":[{"href":"https:\/\/agendacultural.catedraturismosostenible.es\/agenda\/wp-json\/wp\/v2\/types\/post"}],"author":[{"embeddable":true,"href":"https:\/\/agendacultural.catedraturismosostenible.es\/agenda\/wp-json\/wp\/v2\/users\/1"}],"replies":[{"embeddable":true,"href":"https:\/\/agendacultural.catedraturismosostenible.es\/agenda\/wp-json\/wp\/v2\/comments?post=285"}],"version-history":[{"count":4,"href":"https:\/\/agendacultural.catedraturismosostenible.es\/agenda\/wp-json\/wp\/v2\/posts\/285\/revisions"}],"predecessor-version":[{"id":19290,"href":"https:\/\/agendacultural.catedraturismosostenible.es\/agenda\/wp-json\/wp\/v2\/posts\/285\/revisions\/19290"}],"wp:featuredmedia":[{"embeddable":true,"href":"https:\/\/agendacultural.catedraturismosostenible.es\/agenda\/wp-json\/wp\/v2\/media\/19288"}],"wp:attachment":[{"href":"https:\/\/agendacultural.catedraturismosostenible.es\/agenda\/wp-json\/wp\/v2\/media?parent=285"}],"wp:term":[{"taxonomy":"category","embeddable":true,"href":"https:\/\/agendacultural.catedraturismosostenible.es\/agenda\/wp-json\/wp\/v2\/categories?post=285"},{"taxonomy":"post_tag","embeddable":true,"href":"https:\/\/agendacultural.catedraturismosostenible.es\/agenda\/wp-json\/wp\/v2\/tags?post=285"}],"curies":[{"name":"wp","href":"https:\/\/api.w.org\/{rel}","templated":true}]}}