{"id":281,"date":"2024-05-01T18:30:37","date_gmt":"2024-05-01T16:30:37","guid":{"rendered":"https:\/\/codesupply.co\/quis-nascetur-aenean-ipsum-vici\/"},"modified":"2024-05-09T08:52:56","modified_gmt":"2024-05-09T06:52:56","slug":"womad","status":"publish","type":"post","link":"https:\/\/agendacultural.catedraturismosostenible.es\/agenda\/2024\/05\/01\/womad\/","title":{"rendered":"Womad"},"content":{"rendered":"\n<p>El festival Womad regresa a la ciudad de C\u00e1ceres y lo har\u00e1 durante los d\u00edas del 9,10,11 y 12 de mayo.<\/p>\n\n\n\n<p>Llegan cuatro d\u00edas de actividades, en los que se podr\u00e1 disfrutar de conciertos en la Plaza Mayor, donde actuar\u00e1n doce grupos de diferentes nacionalidades; y en pleno casco antiguo, en la Plaza San Jorge, participar\u00e1n otros cuatro grupos musicales, adem\u00e1s del desarrollo de varios talleres dirigidos a todo tipo de p\u00fablico.<\/p>\n\n\n\n<!--more-->\n\n\n\n<p>El \u00faltimo d\u00eda y como colof\u00f3n, tendremos un taller liderado por Fratelli Moca en los jardines del Museo de Pedrilla, y el mejor de los finales con un pasacalles especial a cargo de Extretucada con el mejor ritmo y sabor a batucada. Sin lugar a dudas, C\u00e1ceres ya no ser\u00eda lo mismo sin WOMAD, ni WOMAD sin la ciudad de C\u00e1ceres. Por eso celebramos esta esperada 31\u00aa edici\u00f3n donde el disfrute y la alegr\u00eda reinar\u00e1n por todo lo alto.<\/p>\n\n\n\n<p>Estamos ante uno de los festivales m\u00e1s longevos, ecl\u00e9cticos e importantes del mundo. Como bien indican sus siglas, su programaci\u00f3n se conforma de World Of Music, Arts &amp; Dance.<\/p>\n\n\n\n<p>Diversidad cultural compartida en una de las localidades m\u00e1s bonitas y con m\u00e1s historia de Espa\u00f1a.<\/p>\n\n\n\n<p>Uno de los conjuntos urbanos de la Edad Media y del Renacimiento m\u00e1s completos del mundo, y ciudad declarada Patrimonio de la Humanidad por la Unesco en 1986, se vuelve a convertir en el escenario perfecto para dar cobijo a la 31\u00aa edici\u00f3n de un festival multicultural y social, donde durante cuatro jornadas ofrecer\u00e1 m\u00fasica, danza y arte, siendo fieles al compromiso con una sociedad m\u00e1s tolerante y abierta.<\/p>\n\n\n\n<p>La experiencia \u00edntima y p\u00fablica del mundo, se representa en WOMAD C\u00e1ceres a trav\u00e9s de su programaci\u00f3n, donde confluyen la tradici\u00f3n y ra\u00edz de diferentes lugares del mundo.<\/p>\n\n\n\n<p>En esta ocasi\u00f3n los sonidos del mundo se representar\u00e1n con diecis\u00e9is grupos de diferentes pa\u00edses, viajaremos por: Mali, India, M\u00e9xico, Jamaica, Reino Unido, Jap\u00f3n, Alemania, Portugal, Palestina y por supuesto Espa\u00f1a.<\/p>\n","protected":false},"excerpt":{"rendered":"Diversidad cultural compartida en una de las localidades m\u00e1s bonitas y con m\u00e1s historia de Espa\u00f1a.\n","protected":false},"author":1,"featured_media":19208,"comment_status":"closed","ping_status":"open","sticky":false,"template":"","format":"standard","meta":{"csco_singular_sidebar":"default","csco_page_header_type":"large_overlay","csco_page_load_nextpost":"default","csco_post_video_location":[],"csco_post_video_url":"","csco_post_video_bg_start_time":0,"csco_post_video_bg_end_time":0,"footnotes":""},"categories":[91],"tags":[],"class_list":["post-281","post","type-post","status-publish","format-standard","has-post-thumbnail","category-festival","cs-entry","cs-video-wrap"],"_links":{"self":[{"href":"https:\/\/agendacultural.catedraturismosostenible.es\/agenda\/wp-json\/wp\/v2\/posts\/281","targetHints":{"allow":["GET"]}}],"collection":[{"href":"https:\/\/agendacultural.catedraturismosostenible.es\/agenda\/wp-json\/wp\/v2\/posts"}],"about":[{"href":"https:\/\/agendacultural.catedraturismosostenible.es\/agenda\/wp-json\/wp\/v2\/types\/post"}],"author":[{"embeddable":true,"href":"https:\/\/agendacultural.catedraturismosostenible.es\/agenda\/wp-json\/wp\/v2\/users\/1"}],"replies":[{"embeddable":true,"href":"https:\/\/agendacultural.catedraturismosostenible.es\/agenda\/wp-json\/wp\/v2\/comments?post=281"}],"version-history":[{"count":4,"href":"https:\/\/agendacultural.catedraturismosostenible.es\/agenda\/wp-json\/wp\/v2\/posts\/281\/revisions"}],"predecessor-version":[{"id":19265,"href":"https:\/\/agendacultural.catedraturismosostenible.es\/agenda\/wp-json\/wp\/v2\/posts\/281\/revisions\/19265"}],"wp:featuredmedia":[{"embeddable":true,"href":"https:\/\/agendacultural.catedraturismosostenible.es\/agenda\/wp-json\/wp\/v2\/media\/19208"}],"wp:attachment":[{"href":"https:\/\/agendacultural.catedraturismosostenible.es\/agenda\/wp-json\/wp\/v2\/media?parent=281"}],"wp:term":[{"taxonomy":"category","embeddable":true,"href":"https:\/\/agendacultural.catedraturismosostenible.es\/agenda\/wp-json\/wp\/v2\/categories?post=281"},{"taxonomy":"post_tag","embeddable":true,"href":"https:\/\/agendacultural.catedraturismosostenible.es\/agenda\/wp-json\/wp\/v2\/tags?post=281"}],"curies":[{"name":"wp","href":"https:\/\/api.w.org\/{rel}","templated":true}]}}