{"id":279,"date":"2024-05-01T19:00:00","date_gmt":"2024-05-01T17:00:00","guid":{"rendered":"https:\/\/codesupply.co\/sapien-lorem-libero-augue-tincidunt\/"},"modified":"2024-05-09T13:21:55","modified_gmt":"2024-05-09T11:21:55","slug":"un-viaje-al-corazon-del-arte-henri-cartier-bresson","status":"publish","type":"post","link":"https:\/\/agendacultural.catedraturismosostenible.es\/agenda\/2024\/05\/01\/un-viaje-al-corazon-del-arte-henri-cartier-bresson\/","title":{"rendered":"&#8220;Un viaje al coraz\u00f3n del arte&#8221;: Henri Cartier-Bresson"},"content":{"rendered":"\n<p>El franc\u00e9s Henri Cartier-Bresson (1908-2004), uno de los m\u00e1s afamados fot\u00f3grafos de la Historia, centrar\u00e1 la charla de mayo del historiador del arte y arque\u00f3logo cacere\u00f1o V\u00edctor Gibello dentro del Ciclo \u2018Un viaje al coraz\u00f3n del arte\u2019. Esta actividad est\u00e1 coordinada por la Asociaci\u00f3n de Alumnos y Antiguos Alumnos de la Universidad de Mayores de Extremadura (AUMEX).<\/p>\n\n\n\n<p>Pintor de formaci\u00f3n, Cartier-Bresson abraz\u00f3 la fotograf\u00eda como v\u00eda de expresi\u00f3n y documentaci\u00f3n de los acontecimientos que tuvo la oportunidad de vivir. Fue considerado por muchos el padre del fotorreportaje y una de las figuras m\u00e1s importantes del arte del siglo XX.<\/p>\n","protected":false},"excerpt":{"rendered":"El franc\u00e9s Henri Cartier-Bresson (1908-2004), uno de los m\u00e1s afamados fot\u00f3grafos de la Historia\n","protected":false},"author":1,"featured_media":19221,"comment_status":"closed","ping_status":"open","sticky":false,"template":"","format":"video","meta":{"csco_singular_sidebar":"default","csco_page_header_type":"large","csco_page_load_nextpost":"default","csco_post_video_location":["large-header","archive"],"csco_post_video_url":"","csco_post_video_bg_start_time":3,"csco_post_video_bg_end_time":0,"footnotes":""},"categories":[65],"tags":[],"class_list":["post-279","post","type-post","status-publish","format-video","has-post-thumbnail","category-interior","post_format-post-format-video","cs-entry","cs-video-wrap"],"_links":{"self":[{"href":"https:\/\/agendacultural.catedraturismosostenible.es\/agenda\/wp-json\/wp\/v2\/posts\/279","targetHints":{"allow":["GET"]}}],"collection":[{"href":"https:\/\/agendacultural.catedraturismosostenible.es\/agenda\/wp-json\/wp\/v2\/posts"}],"about":[{"href":"https:\/\/agendacultural.catedraturismosostenible.es\/agenda\/wp-json\/wp\/v2\/types\/post"}],"author":[{"embeddable":true,"href":"https:\/\/agendacultural.catedraturismosostenible.es\/agenda\/wp-json\/wp\/v2\/users\/1"}],"replies":[{"embeddable":true,"href":"https:\/\/agendacultural.catedraturismosostenible.es\/agenda\/wp-json\/wp\/v2\/comments?post=279"}],"version-history":[{"count":5,"href":"https:\/\/agendacultural.catedraturismosostenible.es\/agenda\/wp-json\/wp\/v2\/posts\/279\/revisions"}],"predecessor-version":[{"id":19445,"href":"https:\/\/agendacultural.catedraturismosostenible.es\/agenda\/wp-json\/wp\/v2\/posts\/279\/revisions\/19445"}],"wp:featuredmedia":[{"embeddable":true,"href":"https:\/\/agendacultural.catedraturismosostenible.es\/agenda\/wp-json\/wp\/v2\/media\/19221"}],"wp:attachment":[{"href":"https:\/\/agendacultural.catedraturismosostenible.es\/agenda\/wp-json\/wp\/v2\/media?parent=279"}],"wp:term":[{"taxonomy":"category","embeddable":true,"href":"https:\/\/agendacultural.catedraturismosostenible.es\/agenda\/wp-json\/wp\/v2\/categories?post=279"},{"taxonomy":"post_tag","embeddable":true,"href":"https:\/\/agendacultural.catedraturismosostenible.es\/agenda\/wp-json\/wp\/v2\/tags?post=279"}],"curies":[{"name":"wp","href":"https:\/\/api.w.org\/{rel}","templated":true}]}}