{"id":277,"date":"2024-05-01T19:30:45","date_gmt":"2024-05-01T17:30:45","guid":{"rendered":"https:\/\/codesupply.co\/nisi-dolor-etiam-eleifend-pretium-libero-quis-amet-nam-vel-a-consequat-penatibus\/"},"modified":"2024-09-11T08:18:39","modified_gmt":"2024-09-11T06:18:39","slug":"exhibicion-de-baile-moderno-y-musicales","status":"publish","type":"post","link":"https:\/\/agendacultural.catedraturismosostenible.es\/agenda\/2024\/05\/01\/exhibicion-de-baile-moderno-y-musicales\/","title":{"rendered":"Exhibici\u00f3n de &#8220;Baile Moderno y Musicales&#8221;"},"content":{"rendered":"\n<p class=\"is-cnvs-dropcap-bordered\">.<\/p>\n\n\n\n<p>Exhibici\u00f3n de \u2018Baile Moderno y Musicales\u2019 a cargo de la academia de danza Be a Rainbow que dirige Sandra Gonz\u00e1lez Montero. <\/p>\n\n\n\n<p>Participar\u00e1n cerca de 30 alumnas 4 a 12 a\u00f1os de este centro pacense, acompa\u00f1adas por Sandra Gonz\u00e1lez y la profesora Dolma Casado, que interpretar\u00e1n coreograf\u00edas populares en la red social de v\u00eddeos Tik-Tok y musicales de Disney.<\/p>\n\n\n\n<p>Sandra Gonz\u00e1lez dirige adem\u00e1s la Academia Puro Flamenco en Badajoz y sus propios espect\u00e1culos, al tiempo que se forma en la Escuela de Flamenco de Andaluc\u00eda. Ha recibido clases de algunas grandes figuras del baile flamenco, como Rafael Amargo, Eva Yerbabuena, Pastora Galv\u00e1n, Patricia Ib\u00e1\u00f1ez, Joaqu\u00edn Cort\u00e9s o Antonio Canales.<\/p>\n","protected":false},"excerpt":{"rendered":"A cargo de la cademia de danza Be a Rainbow que dirige Sandra Gonz\u00e1lez Montero.\n","protected":false},"author":1,"featured_media":19219,"comment_status":"closed","ping_status":"open","sticky":false,"template":"","format":"gallery","meta":{"csco_singular_sidebar":"default","csco_page_header_type":"full","csco_page_load_nextpost":"default","csco_post_video_location":[],"csco_post_video_url":"","csco_post_video_bg_start_time":0,"csco_post_video_bg_end_time":0,"footnotes":""},"categories":[95],"tags":[],"class_list":["post-277","post","type-post","status-publish","format-gallery","has-post-thumbnail","category-danza","post_format-post-format-gallery","cs-entry","cs-video-wrap"],"_links":{"self":[{"href":"https:\/\/agendacultural.catedraturismosostenible.es\/agenda\/wp-json\/wp\/v2\/posts\/277","targetHints":{"allow":["GET"]}}],"collection":[{"href":"https:\/\/agendacultural.catedraturismosostenible.es\/agenda\/wp-json\/wp\/v2\/posts"}],"about":[{"href":"https:\/\/agendacultural.catedraturismosostenible.es\/agenda\/wp-json\/wp\/v2\/types\/post"}],"author":[{"embeddable":true,"href":"https:\/\/agendacultural.catedraturismosostenible.es\/agenda\/wp-json\/wp\/v2\/users\/1"}],"replies":[{"embeddable":true,"href":"https:\/\/agendacultural.catedraturismosostenible.es\/agenda\/wp-json\/wp\/v2\/comments?post=277"}],"version-history":[{"count":4,"href":"https:\/\/agendacultural.catedraturismosostenible.es\/agenda\/wp-json\/wp\/v2\/posts\/277\/revisions"}],"predecessor-version":[{"id":19463,"href":"https:\/\/agendacultural.catedraturismosostenible.es\/agenda\/wp-json\/wp\/v2\/posts\/277\/revisions\/19463"}],"wp:featuredmedia":[{"embeddable":true,"href":"https:\/\/agendacultural.catedraturismosostenible.es\/agenda\/wp-json\/wp\/v2\/media\/19219"}],"wp:attachment":[{"href":"https:\/\/agendacultural.catedraturismosostenible.es\/agenda\/wp-json\/wp\/v2\/media?parent=277"}],"wp:term":[{"taxonomy":"category","embeddable":true,"href":"https:\/\/agendacultural.catedraturismosostenible.es\/agenda\/wp-json\/wp\/v2\/categories?post=277"},{"taxonomy":"post_tag","embeddable":true,"href":"https:\/\/agendacultural.catedraturismosostenible.es\/agenda\/wp-json\/wp\/v2\/tags?post=277"}],"curies":[{"name":"wp","href":"https:\/\/api.w.org\/{rel}","templated":true}]}}