{"id":273,"date":"2024-05-01T17:30:58","date_gmt":"2024-05-01T15:30:58","guid":{"rendered":"https:\/\/codesupply.co\/et-ante-donec-rutrum-integer-amet-ligula-vel-imperdiet-eu-viverra-eget\/"},"modified":"2024-05-09T09:29:18","modified_gmt":"2024-05-09T07:29:18","slug":"ciclo-de-polinizacao-musical-de-paredes-de-coura","status":"publish","type":"post","link":"https:\/\/agendacultural.catedraturismosostenible.es\/agenda\/2024\/05\/01\/ciclo-de-polinizacao-musical-de-paredes-de-coura\/","title":{"rendered":"Ciclo de Poliniza\u00e7\u00e3o Musical de Paredes de Coura"},"content":{"rendered":"\n<p>O Ciclo de Poliniza\u00e7\u00e3o Musical volta a Paredes de Coura em maio de 2024. Dois fins de semana com muitos concertos, oficinas e caminhadas a n\u00e3o perder. Entrada livre.<\/p>\n\n\n\n<p>\ud835\udc0f\ud835\udc2b\ud835\udc28\ud835\udc20\ud835\udc2b\ud835\udc1a\ud835\udc26\ud835\udc1a \ud835\udc1c\ud835\udc28\ud835\udc26\ud835\udc29\ud835\udc25\ud835\udc1e\ud835\udc2d\ud835\udc28:<br>https:\/\/www.ciclodepolinizacao.paredesdecoura.pt\/programacao-2024<\/p>\n\n\n\n<p>\ud835\udfcf\u00ba \ud835\udc05\ud835\udc22\ud835\udc26 \ud835\udc1d\ud835\udc1e \ud835\udc2c\ud835\udc1e\ud835\udc26\ud835\udc1a\ud835\udc27\ud835\udc1a &#8211; \ud835\udfcf\ud835\udfce, \ud835\udfcf\ud835\udfcf \ud835\udc1e \ud835\udfcf\ud835\udfd0 \ud835\udc1d\ud835\udc1e \ud835\udc26\ud835\udc1a\ud835\udc22\ud835\udc28<br>10\/05 (sexta) | Lula Pena | Centro Cultural | 21h30<br>10\/05 (sexta) | Nuno Campos 4tet | Centro Cultural | 23h00<br>11\/05 (s\u00e1bado) | Oficina de Dan\u00e7a Africana | Junta de Freguesia de Agualonga | 15h00<br>11\/05 (s\u00e1bado) | V\u00edtor Joaquim, Ulrich Mitzlaff, Jo\u00e3o Silva \u201cCalligraphy\u201d | Casa Grande de Romarig\u00e3es | 17h00<br>11\/05 (s\u00e1bado) | Daniel Pereira Cristo Trio | Associa\u00e7\u00e3o de Ferreira | 21h30<br>12\/05 (domingo) | Caminhada A Rota das Tr\u00eas Aldeias | Ponto de encontro: Capela N. Sra. dos Prazeres, Vilarinho, Insalde | 9h30<br>12\/05 (domingo) | 293 Diagonal | Eira Comunit\u00e1rias de Porreiras | 11h30<br>12\/05 (domingo) | A menina que n\u00e3o cabia numa caixa quadrada | Centro Cultural | 15h30<br>12\/05 (domingo) | Canto Nono | Centro Cultural | 17h00<\/p>\n\n\n\n<p>\ud835\udfd0\u00ba \ud835\udc05\ud835\udc22\ud835\udc26 \ud835\udc1d\ud835\udc1e \ud835\udc2c\ud835\udc1e\ud835\udc26\ud835\udc1a\ud835\udc27\ud835\udc1a &#8211; \ud835\udfcf\ud835\udfd5, \ud835\udfcf\ud835\udfd6 \ud835\udc1e \ud835\udfcf\ud835\udfd7 \ud835\udc1d\ud835\udc1e \ud835\udc26\ud835\udc1a\ud835\udc22\ud835\udc28<br>17\/05 (sexta) | Phole Trio | Centro Cultural | 21h30<br>18\/05 (s\u00e1bado) | Oficina bases para a dan\u00e7a popular galega | ACRDPC &#8211; Associa\u00e7\u00e3o Paredes de Coura | 15h00<br>18\/05 (s\u00e1bado) | Opus Trio \u201cConcerto Ib\u00e9rico\u201d | Capela do Esp\u00edrito Santo | 16h30<br>18\/05 (s\u00e1bado) | Mar\u00eda Vidal e Xisco Feijo\u00f3 \u201cCantares no Cami\u00f1o\u201d | Largo de S. Bento, Cossourado | 21h30<br>19\/05 (domingo) | Caminhada | Ponto de encontro: Giesteira, Vasc\u00f5es | 9h30<br>19\/05 (domingo) | Oficina Canto popular galego | Giesteira, Vasc\u00f5es | 11h30<br>19\/05 (domingo) | Samurai Magazine &#8220;Bushido &#8211; O Caminho do Guerreiro\u201d + \u201cImers\u00e3o \/ Improvisa\u00e7\u00e3o&#8221; | Centro Cultural | 16h00<\/p>\n\n\n\n<p>\ud835\udc11\ud835\udc1e\ud835\udc2c\ud835\udc1e\ud835\udc2b\ud835\udc2f\ud835\udc1a\ud835\udc2c:<br>https:\/\/www.ciclodepolinizacao.paredesdecoura.pt\/reservas<\/p>\n\n\n\n<p>Organiza\u00e7\u00e3o: Munic\u00edpio de Paredes de Coura<br>Apoio: Rep\u00fablica Portuguesa \u2013 Cultura \/ Dire\u00e7\u00e3o-Geral das Artes, Rede de Teatros e Cineteatros Portugueses<br>Parceiros de programa\u00e7\u00e3o: Associa\u00e7\u00e3o Cultural Rock\u2019n\u2019Cave, Associa\u00e7\u00e3o Porta-Jazz<\/p>\n","protected":false},"excerpt":{"rendered":"10 , 11, 12 maio \u2022 17, 18, 19 maio\n","protected":false},"author":1,"featured_media":19297,"comment_status":"closed","ping_status":"open","sticky":false,"template":"","format":"gallery","meta":{"csco_singular_sidebar":"default","csco_page_header_type":"large","csco_page_load_nextpost":"default","csco_post_video_location":[],"csco_post_video_url":"","csco_post_video_bg_start_time":0,"csco_post_video_bg_end_time":0,"footnotes":""},"categories":[91],"tags":[],"class_list":["post-273","post","type-post","status-publish","format-gallery","has-post-thumbnail","category-festival","post_format-post-format-gallery","cs-entry","cs-video-wrap"],"_links":{"self":[{"href":"https:\/\/agendacultural.catedraturismosostenible.es\/agenda\/wp-json\/wp\/v2\/posts\/273","targetHints":{"allow":["GET"]}}],"collection":[{"href":"https:\/\/agendacultural.catedraturismosostenible.es\/agenda\/wp-json\/wp\/v2\/posts"}],"about":[{"href":"https:\/\/agendacultural.catedraturismosostenible.es\/agenda\/wp-json\/wp\/v2\/types\/post"}],"author":[{"embeddable":true,"href":"https:\/\/agendacultural.catedraturismosostenible.es\/agenda\/wp-json\/wp\/v2\/users\/1"}],"replies":[{"embeddable":true,"href":"https:\/\/agendacultural.catedraturismosostenible.es\/agenda\/wp-json\/wp\/v2\/comments?post=273"}],"version-history":[{"count":3,"href":"https:\/\/agendacultural.catedraturismosostenible.es\/agenda\/wp-json\/wp\/v2\/posts\/273\/revisions"}],"predecessor-version":[{"id":19296,"href":"https:\/\/agendacultural.catedraturismosostenible.es\/agenda\/wp-json\/wp\/v2\/posts\/273\/revisions\/19296"}],"wp:featuredmedia":[{"embeddable":true,"href":"https:\/\/agendacultural.catedraturismosostenible.es\/agenda\/wp-json\/wp\/v2\/media\/19297"}],"wp:attachment":[{"href":"https:\/\/agendacultural.catedraturismosostenible.es\/agenda\/wp-json\/wp\/v2\/media?parent=273"}],"wp:term":[{"taxonomy":"category","embeddable":true,"href":"https:\/\/agendacultural.catedraturismosostenible.es\/agenda\/wp-json\/wp\/v2\/categories?post=273"},{"taxonomy":"post_tag","embeddable":true,"href":"https:\/\/agendacultural.catedraturismosostenible.es\/agenda\/wp-json\/wp\/v2\/tags?post=273"}],"curies":[{"name":"wp","href":"https:\/\/api.w.org\/{rel}","templated":true}]}}