{"id":262,"date":"2024-05-01T18:59:02","date_gmt":"2024-05-01T16:59:02","guid":{"rendered":"https:\/\/codesupply.co\/tellus-justo-ipsum-sociis-neque-rhoncus-ac-pellentesque\/"},"modified":"2024-05-09T09:14:36","modified_gmt":"2024-05-09T07:14:36","slug":"fimfa-lx24-festival-internacional-de-marionetas-e-formas-animadas","status":"publish","type":"post","link":"https:\/\/agendacultural.catedraturismosostenible.es\/agenda\/2024\/05\/01\/fimfa-lx24-festival-internacional-de-marionetas-e-formas-animadas\/","title":{"rendered":"FIMFA Lx24 &#8211; Festival Internacional de Marionetas e Formas Animadas"},"content":{"rendered":"\n<p>FIMFA Lx24 &#8211; Festival Internacional de Marionetas e Formas Animadas<\/p>\n\n\n\n<ul class=\"wp-block-list\">\n<li>International Festival of Puppetry and Animated Forms<br>9 de maio a 2 de junho | 9 May to 2 June [In English below]<br>Consulte o programa em | Check out the programme in: http:\/\/www.tarumba.pt\/2024\/pt\/fimfa<\/li>\n<\/ul>\n\n\n\n<p>No FIMFA, o foco est\u00e1 nos objetos, na marioneta, nas formas, na mat\u00e9ria, na imagem. Em cria\u00e7\u00f5es que estimulam os sentidos e na beleza das grandes e pequenas coisas.<br>No contexto de turbul\u00eancia mundial, esta edi\u00e7\u00e3o foi pensada como um espa\u00e7o de partilha e de discuss\u00e3o. Contrariar a realidade, romper com o que \u00e9 comum, procurar novos caminhos, pensar e experimentar formas diferentes de viver, ser e fazer. A partir da ideia de liberdade, os temas abordados v\u00e3o desde o amor, ao direito de ser diferente, \u00e0s convuls\u00f5es sociais, \u00e0 guerra ou aos campos de refugiados, mas s\u00e3o tamb\u00e9m assinalados os 50 anos da Revolu\u00e7\u00e3o dos Cravos. Tem\u00e1ticas atuais e fraturantes que marcam o nosso quotidiano e seguem o lema do festival &#8211; a marioneta para ver e pensar o mundo com outro olhar.<\/p>\n\n\n\n<p>Durante 25 dias Lisboa transforma-se novamente na plataforma internacional do teatro de marionetas e formas animadas, com a apresenta\u00e7\u00e3o de vinte e tr\u00eas projetos e de mais de cem apresenta\u00e7\u00f5es de reputadas companhias e criadores, e de novos valores, na sua maioria em estreia nacional, vindos da B\u00e9lgica, Brasil, Espanha, Fran\u00e7a, Holanda, Jord\u00e2nia, Litu\u00e2nia, Rep\u00fablica Checa, Reino Unido e Portugal, com uma programa\u00e7\u00e3o dirigida a todas as idades, com espet\u00e1culos de sala, de rua e de pequenas formas.<br>Venham FIMFAr connosco!<\/p>\n\n\n\n<p>Espa\u00e7os de apresenta\u00e7\u00e3o: S\u00e3o Luiz Teatro Municipal, LU.CA &#8211; Teatro Lu\u00eds de Cam\u00f5es, Castelo de S\u00e3o Jorge, Museu de Lisboa &#8211; Pal\u00e1cio Pimenta, Teatro Romano, Teatro do Bairro, Teatro Taborda, Escola do Largo e Cinemateca Portuguesa.<\/p>\n\n\n\n<p>O FIMFA \u00e9 um espa\u00e7o de discuss\u00e3o, forma\u00e7\u00e3o e reflex\u00e3o sobre o teatro de marionetas contempor\u00e2neo. Para al\u00e9m de espet\u00e1culos, s\u00e3o desenvolvidas outras atividades, como a realiza\u00e7\u00e3o de workshops, apresenta\u00e7\u00e3o de filmes ou encontros com os criadores.<br><\/p>\n","protected":false},"excerpt":{"rendered":"No FIMFA, o foco est\u00e1 nos objetos, na marioneta, nas formas, na mat\u00e9ria, na imagem.\n","protected":false},"author":1,"featured_media":19277,"comment_status":"closed","ping_status":"open","sticky":false,"template":"","format":"gallery","meta":{"csco_singular_sidebar":"default","csco_page_header_type":"default","csco_page_load_nextpost":"default","csco_post_video_location":[],"csco_post_video_url":"","csco_post_video_bg_start_time":0,"csco_post_video_bg_end_time":0,"footnotes":""},"categories":[91],"tags":[],"class_list":["post-262","post","type-post","status-publish","format-gallery","has-post-thumbnail","category-festival","post_format-post-format-gallery","cs-entry","cs-video-wrap"],"_links":{"self":[{"href":"https:\/\/agendacultural.catedraturismosostenible.es\/agenda\/wp-json\/wp\/v2\/posts\/262","targetHints":{"allow":["GET"]}}],"collection":[{"href":"https:\/\/agendacultural.catedraturismosostenible.es\/agenda\/wp-json\/wp\/v2\/posts"}],"about":[{"href":"https:\/\/agendacultural.catedraturismosostenible.es\/agenda\/wp-json\/wp\/v2\/types\/post"}],"author":[{"embeddable":true,"href":"https:\/\/agendacultural.catedraturismosostenible.es\/agenda\/wp-json\/wp\/v2\/users\/1"}],"replies":[{"embeddable":true,"href":"https:\/\/agendacultural.catedraturismosostenible.es\/agenda\/wp-json\/wp\/v2\/comments?post=262"}],"version-history":[{"count":2,"href":"https:\/\/agendacultural.catedraturismosostenible.es\/agenda\/wp-json\/wp\/v2\/posts\/262\/revisions"}],"predecessor-version":[{"id":19278,"href":"https:\/\/agendacultural.catedraturismosostenible.es\/agenda\/wp-json\/wp\/v2\/posts\/262\/revisions\/19278"}],"wp:featuredmedia":[{"embeddable":true,"href":"https:\/\/agendacultural.catedraturismosostenible.es\/agenda\/wp-json\/wp\/v2\/media\/19277"}],"wp:attachment":[{"href":"https:\/\/agendacultural.catedraturismosostenible.es\/agenda\/wp-json\/wp\/v2\/media?parent=262"}],"wp:term":[{"taxonomy":"category","embeddable":true,"href":"https:\/\/agendacultural.catedraturismosostenible.es\/agenda\/wp-json\/wp\/v2\/categories?post=262"},{"taxonomy":"post_tag","embeddable":true,"href":"https:\/\/agendacultural.catedraturismosostenible.es\/agenda\/wp-json\/wp\/v2\/tags?post=262"}],"curies":[{"name":"wp","href":"https:\/\/api.w.org\/{rel}","templated":true}]}}