{"id":19281,"date":"2024-05-01T19:25:08","date_gmt":"2024-05-01T17:25:08","guid":{"rendered":"https:\/\/agendacultural.catedraturismosostenible.es\/agenda\/?p=19281"},"modified":"2024-05-09T09:13:35","modified_gmt":"2024-05-09T07:13:35","slug":"o-invicto-de-satyajit-ray-i-close-up-8-3","status":"publish","type":"post","link":"https:\/\/agendacultural.catedraturismosostenible.es\/agenda\/2024\/05\/01\/o-invicto-de-satyajit-ray-i-close-up-8-3\/","title":{"rendered":"O INVICTO de Satyajit Ray I Close-up 8.3"},"content":{"rendered":"\n<p class=\"is-cnvs-dropcap-bordered\">.<\/p>\n\n\n\n<p>Um comboio atravessa uma ponte sobre o rio. E logo estamos na cidade sagrada de Benares, nas margens do Ganges, onde Apu e os pais recome\u00e7am a vida da fam\u00edlia. Apu tem 10 anos e \u00e9 um aluno curioso e brilhante. Mas o infort\u00fanio obriga a que regresse com a m\u00e3e \u00e0 aldeia natal. Apu ganha uma bolsa para estudar em Calcut\u00e1, o que vai obrig\u00e1-lo a separar-se da m\u00e3e. Neste segundo epis\u00f3dio da &#8220;trilogia de Apu&#8221; de Satyajit Ray, uma bel\u00edssima rela\u00e7\u00e3o m\u00e3e\/filho est\u00e1 no centro do filme, em que vemos Apu transmitir \u00e0 m\u00e3e, que se sacrifica para que ele estude, parte do que aprende na escola. O Invicto foi premiado com o Le\u00e3o de Ouro no festival de Veneza, onde o cineasta decidiu que seria o segundo t\u00edtulo de uma trilogia dedicada a Apu. O Invicto \u00e9 o filme mais belo desta trilogia e uma das obras-primas de Ray.<\/p>\n\n\n\n<p>T\u00edtulo original: Aparajito (India, 1956, 110 min.)<br>Realiza\u00e7\u00e3o: Satyajit Ray<br>Interpreta\u00e7\u00e3o: Karuna Bannerjee, Kanu Bannerjee, Pinaki Sengupta<br>Classifica\u00e7\u00e3o: M\/12<\/p>\n\n\n\n<p>Sess\u00e3o inclu\u00edda no epis\u00f3dio 8.3 do CLOSE-UP &#8211; Observat\u00f3rio de Cinema de Famalic\u00e3o<\/p>\n","protected":false},"excerpt":{"rendered":"Casa das Artes de Vila Nova de Famalic\u00e3o\n","protected":false},"author":7,"featured_media":19284,"comment_status":"closed","ping_status":"open","sticky":false,"template":"","format":"gallery","meta":{"csco_singular_sidebar":"default","csco_page_header_type":"full","csco_page_load_nextpost":"default","csco_post_video_location":[],"csco_post_video_url":"","csco_post_video_bg_start_time":0,"csco_post_video_bg_end_time":0,"footnotes":""},"categories":[94],"tags":[],"class_list":["post-19281","post","type-post","status-publish","format-gallery","has-post-thumbnail","category-cinema","post_format-post-format-gallery","cs-entry","cs-video-wrap"],"_links":{"self":[{"href":"https:\/\/agendacultural.catedraturismosostenible.es\/agenda\/wp-json\/wp\/v2\/posts\/19281","targetHints":{"allow":["GET"]}}],"collection":[{"href":"https:\/\/agendacultural.catedraturismosostenible.es\/agenda\/wp-json\/wp\/v2\/posts"}],"about":[{"href":"https:\/\/agendacultural.catedraturismosostenible.es\/agenda\/wp-json\/wp\/v2\/types\/post"}],"author":[{"embeddable":true,"href":"https:\/\/agendacultural.catedraturismosostenible.es\/agenda\/wp-json\/wp\/v2\/users\/7"}],"replies":[{"embeddable":true,"href":"https:\/\/agendacultural.catedraturismosostenible.es\/agenda\/wp-json\/wp\/v2\/comments?post=19281"}],"version-history":[{"count":2,"href":"https:\/\/agendacultural.catedraturismosostenible.es\/agenda\/wp-json\/wp\/v2\/posts\/19281\/revisions"}],"predecessor-version":[{"id":19285,"href":"https:\/\/agendacultural.catedraturismosostenible.es\/agenda\/wp-json\/wp\/v2\/posts\/19281\/revisions\/19285"}],"wp:featuredmedia":[{"embeddable":true,"href":"https:\/\/agendacultural.catedraturismosostenible.es\/agenda\/wp-json\/wp\/v2\/media\/19284"}],"wp:attachment":[{"href":"https:\/\/agendacultural.catedraturismosostenible.es\/agenda\/wp-json\/wp\/v2\/media?parent=19281"}],"wp:term":[{"taxonomy":"category","embeddable":true,"href":"https:\/\/agendacultural.catedraturismosostenible.es\/agenda\/wp-json\/wp\/v2\/categories?post=19281"},{"taxonomy":"post_tag","embeddable":true,"href":"https:\/\/agendacultural.catedraturismosostenible.es\/agenda\/wp-json\/wp\/v2\/tags?post=19281"}],"curies":[{"name":"wp","href":"https:\/\/api.w.org\/{rel}","templated":true}]}}